{"id":7556,"global_id":"ggi-initiative.at\/wp?id=7556","global_id_lineage":["ggi-initiative.at\/wp?id=7556"],"author":"16","status":"publish","date":"2023-05-25 14:37:45","date_utc":"2023-05-25 12:37:45","modified":"2023-05-25 14:39:57","modified_utc":"2023-05-25 12:39:57","url":"https:\/\/ggi-initiative.at\/wp\/veranstaltung\/das-politische-in-der-krise-vortrag\/","rest_url":"https:\/\/ggi-initiative.at\/wp\/wp-json\/tribe\/events\/v1\/events\/7556","title":"DAS POLITISCHE IN DER KRISE &#8211; Vortrag","description":"<p>Sonntag 28.5. 19h<\/p>\n<p>DAS POLITISCHE IN DER KRISE- Vortrag<\/p>\n<p>Vortrag mit Karl Reitter und Tove Soiland<\/p>\n<p><strong>Die Kriegspropaganda toppt derzeit das Corona-Narrativ, ohne dass die Pandemie je als eine von oben verordnete Krise entlarvt worden w\u00e4re. Inzwischen hat der Stellvertreterkrieg, den die NATO und Russland in der Ukraine f\u00fchren, neue politische B\u00fcndnisse hervorgerufen, die wom\u00f6glich einen Abstieg und Zerfall des US-Empire einleiten.<\/strong><\/p>\n<p>Im Anschluss an den ersten Kongress der Anti-Lockdown-Linken in Prag l\u00e4dt die Freie Linke \u00d6sterreich zu einem Kongress nach Wien. Wir begr\u00fc\u00dfen neben Vortragenden aus England, der Schweiz und \u00d6sterreich Mitglieder der Freien Linken aus dem In- und Ausland sowie Gruppen, die ihr nahestehen. Es geht darum einander kennenzulernen und anhand von Impulsvortr\u00e4gen die gegenw\u00e4rtige Lage, die Agenda der herrschenden Klasse und die eigene Handlungsmacht zu analysieren. Die Abende sind jeweils \u00f6ffentlich zug\u00e4nglichen Podiums- und Publikumsdiskussionen gewidmet.<\/p>\n<p><strong>Um Anmeldung wird gebeten:<\/strong><br \/>\n<em><a href=\"mailto:info@freielinke.at?subject=Anmeldung%20f%C3%BCr%20Vortr%C3%A4ge\"> info@freielinke.at<\/a>\u00a0<\/em><\/p>\n<p><a href=\"http:\/\/freielinke.at\">http:\/\/freielinke.at<\/a><\/p>\n<p><a href=\"http:\/\/dasfreiewort.at\">http:\/\/dasfreiewort.at<\/a><\/p>\n<p>&nbsp;<\/p>","excerpt":"","slug":"das-politische-in-der-krise-vortrag","image":{"url":"https:\/\/ggi-initiative.at\/wp\/wp-content\/uploads\/2023\/05\/F.-Vighi-C.-Werlhof-K.-Reitter-T.-Soiland_27.u.28.5.2023-1-pdf.jpg","id":7563,"extension":"pdf"},"all_day":false,"start_date":"2023-05-28 19:00:00","start_date_details":{"year":"2023","month":"05","day":"28","hour":"19","minutes":"00","seconds":"00"},"end_date":"2023-05-28 21:00:00","end_date_details":{"year":"2023","month":"05","day":"28","hour":"21","minutes":"00","seconds":"00"},"utc_start_date":"2023-05-28 17:00:00","utc_start_date_details":{"year":"2023","month":"05","day":"28","hour":"17","minutes":"00","seconds":"00"},"utc_end_date":"2023-05-28 19:00:00","utc_end_date_details":{"year":"2023","month":"05","day":"28","hour":"19","minutes":"00","seconds":"00"},"timezone":"Europe\/Vienna","timezone_abbr":"CEST","cost":"","cost_details":{"currency_symbol":"","currency_code":"","currency_position":"prefix","values":[]},"website":"","show_map":true,"show_map_link":true,"hide_from_listings":false,"sticky":false,"featured":false,"categories":[],"tags":[],"venue":{"id":2293,"author":"5","status":"publish","date":"2023-02-17 08:24:34","date_utc":"2023-02-17 07:24:34","modified":"2023-10-24 16:15:10","modified_utc":"2023-10-24 14:15:10","url":"https:\/\/ggi-initiative.at\/wp\/veranstaltungsort\/raum-roegergasse\/","venue":"Das Freie Wort","slug":"raum-roegergasse","address":"R\u00f6gergasse 24-26","city":"Wien","zip":"1090","json_ld":{"@type":"Place","name":"Das Freie Wort","description":"","url":"","address":{"@type":"PostalAddress","streetAddress":"R\u00f6gergasse 24-26","addressLocality":"Wien","postalCode":"1090"},"telephone":"","sameAs":""},"show_map":true,"show_map_link":true,"global_id":"ggi-initiative.at\/wp?id=2293","global_id_lineage":["ggi-initiative.at\/wp?id=2293"]},"organizer":[],"custom_fields":[],"json_ld":{"@context":"http:\/\/schema.org","@type":"Event","name":"DAS POLITISCHE IN DER KRISE &#8211; Vortrag","description":"&lt;p&gt;Sonntag 28.5. 19h DAS POLITISCHE IN DER KRISE- Vortrag Vortrag mit Karl [&hellip;]&lt;\/p&gt;\\n","image":"https:\/\/ggi-initiative.at\/wp\/wp-content\/uploads\/2023\/05\/F.-Vighi-C.-Werlhof-K.-Reitter-T.-Soiland_27.u.28.5.2023-1.pdf","url":"https:\/\/ggi-initiative.at\/wp\/veranstaltung\/das-politische-in-der-krise-vortrag\/","eventAttendanceMode":"https:\/\/schema.org\/OfflineEventAttendanceMode","eventStatus":"https:\/\/schema.org\/EventScheduled","startDate":"2023-05-28T19:00:00+02:00","endDate":"2023-05-28T21:00:00+02:00","location":{"@type":"Place","name":"Das Freie Wort","description":"","url":"","address":{"@type":"PostalAddress","streetAddress":"R\u00f6gergasse 24-26","addressLocality":"Wien","postalCode":"1090"},"telephone":"","sameAs":""},"performer":"Organization"}}