{"id":1328,"date":"2022-08-12T01:51:27","date_gmt":"2022-08-11T23:51:27","guid":{"rendered":"https:\/\/corona-strategie.at\/wp\/?p=1328"},"modified":"2023-06-04T01:22:51","modified_gmt":"2023-06-03T23:22:51","slug":"ade-genesenen-status","status":"publish","type":"post","link":"https:\/\/ggi-initiative.at\/wp\/2022\/08\/12\/ade-genesenen-status\/","title":{"rendered":"Ade, Genesenen-Status"},"content":{"rendered":"\n<p class=\"has-vivid-red-color has-text-color has-medium-font-size\"><strong>Achtung: Ab 23.8.2022 z\u00e4hlt <span style=\"color:green\">GENESEN<\/span> in \u00d6sterreich nicht mehr als ein Teil der Grundimmunisierung! <span style=\"color:green\">Ade, medizinisches Basiswissen!<\/span><\/strong><\/p>\n\n\n\n<p>Eine Betrachtung der neuen Verordnungen aus Sicht von Eltern, deren Kinder noch immer Ausgrenzung aufgrund von 1G-Regelungen erfahren, also aufgrund ihres Impf-Status, obwohl sie gesund und genesen sind.<\/p>\n\n\n\n<p>Die neue Regelung bei <strong><em>Infektion und anschlie\u00dfender Corona-Schutzimpfung<\/em> <\/strong>lautet:<\/p>\n\n\n\n<ul class=\"wp-block-list\">\n<li>\u201eNach einer Infektion mit SARS-CoV-2 und einer anschlie\u00dfenden Corona-Schutzimpfung ist das Impfzertifikat f\u00fcr <strong>180 Tage<\/strong> g\u00fcltig. Zwischen dem ersten positiven PCR-Test der Infektion und der Impfung m\u00fcssen mindestens 21 Tage liegen. Ein Impfzertifikat ist auch nach einem Nachweis auf neutralisierende Antik\u00f6rper g\u00fcltig.<\/li>\n\n\n\n<li><strong>Achtung:<\/strong> Ab 23. August 2022 wird eine Genesung vor der ersten Impfung nicht mehr bei der Erstellung des Impfzertifikats ber\u00fccksichtigt. Es wird also kein g\u00fcltiges Zertifikat mit der Information 1\/1 mehr ausgestellt, sondern ein 1\/2 Impfzertifikat f\u00fcr die erste Impfung mit einem Zwei-Dosen-Impfstoff bzw. 1\/1 f\u00fcr eine Impfung mit einem Ein-Dosen-Impfstoff. Bereits erstellte Zertifikate bleiben bis dahin g\u00fcltig.\u201c<\/li>\n<\/ul>\n\n\n\n<p>Damit verliert ab 23. 8. der Genesenenstatus an Wert f\u00fcr den Corona-Impfpass.<\/p>\n\n\n\n<p>Somit besteht jetzt die Grundimmunisierung aus meist drei Covid-19-Teilimpfungen. Denn nur wer dreifach geimpft ist, kann sich auf den gr\u00f6\u00dften Schutz verlassen, wird argumentiert&#8230;<\/p>\n\n\n\n<p class=\"has-medium-font-size\">Hier der <strong><a href=\"https:\/\/corona-strategie.at\/wp\/wp-content\/uploads\/2022\/08\/Ade-Genesenen-Status.pdf\" data-type=\"URL\" data-id=\"https:\/\/corona-strategie.at\/wp\/wp-content\/uploads\/2022\/08\/Ade-Genesenen-Status.pdf\">komplette Wortlaut des Beitrages<\/a><\/strong><\/p>\n","protected":false},"excerpt":{"rendered":"<p>Achtung: Ab 23.8.2022 z\u00e4hlt GENESEN in \u00d6sterreich nicht mehr als ein Teil [&hellip;]<\/p>\n","protected":false},"author":4,"featured_media":0,"comment_status":"open","ping_status":"open","sticky":false,"template":"","format":"standard","meta":{"footnotes":""},"categories":[1],"tags":[],"class_list":["post-1328","post","type-post","status-publish","format-standard","hentry","category-uncategorized"],"aioseo_notices":[],"_links":{"self":[{"href":"https:\/\/ggi-initiative.at\/wp\/wp-json\/wp\/v2\/posts\/1328","targetHints":{"allow":["GET"]}}],"collection":[{"href":"https:\/\/ggi-initiative.at\/wp\/wp-json\/wp\/v2\/posts"}],"about":[{"href":"https:\/\/ggi-initiative.at\/wp\/wp-json\/wp\/v2\/types\/post"}],"author":[{"embeddable":true,"href":"https:\/\/ggi-initiative.at\/wp\/wp-json\/wp\/v2\/users\/4"}],"replies":[{"embeddable":true,"href":"https:\/\/ggi-initiative.at\/wp\/wp-json\/wp\/v2\/comments?post=1328"}],"version-history":[{"count":5,"href":"https:\/\/ggi-initiative.at\/wp\/wp-json\/wp\/v2\/posts\/1328\/revisions"}],"predecessor-version":[{"id":12543,"href":"https:\/\/ggi-initiative.at\/wp\/wp-json\/wp\/v2\/posts\/1328\/revisions\/12543"}],"wp:attachment":[{"href":"https:\/\/ggi-initiative.at\/wp\/wp-json\/wp\/v2\/media?parent=1328"}],"wp:term":[{"taxonomy":"category","embeddable":true,"href":"https:\/\/ggi-initiative.at\/wp\/wp-json\/wp\/v2\/categories?post=1328"},{"taxonomy":"post_tag","embeddable":true,"href":"https:\/\/ggi-initiative.at\/wp\/wp-json\/wp\/v2\/tags?post=1328"}],"curies":[{"name":"wp","href":"https:\/\/api.w.org\/{rel}","templated":true}]}}